[{"@context":"https:\/\/schema.org\/","@type":"Article","@id":"https:\/\/www.profer.cz\/temna-turistika\/#Article","mainEntityOfPage":"https:\/\/www.profer.cz\/temna-turistika\/","headline":"Temn\u00e1 turistika","name":"Temn\u00e1 turistika","description":"Ned\u00e1vno odvys\u00edlan\u00fd seri\u00e1l \u010cernobyl odstartoval z\u00e1jem o cestov\u00e1n\u00ed do \u010cernobylu na Ukrajin\u011b. Pokud n\u011bkdo vyr\u00e1\u017e\u00ed na m\u00edsta, kde do\u0161lo ke katastrof\u00e1m zp\u016fsoben\u00fdch p\u0159\u00edrodn\u00ed katastrofou, nebo \u010dlov\u011bkem, kde zem\u0159elo mno\u017estv\u00ed lid\u00ed, naz\u00fdv\u00e1me tento trend temn\u00e1 turistika. Term\u00edn m\u016f\u017eete zn\u00e1t tak\u00e9 jako Dark tourism. Jedn\u00e1 se vlastn\u011b o takov\u00fd druh turistiky, kter\u00fd je spojen\u00fd se smrt\u00ed a...","datePublished":"2019-07-16","dateModified":"2023-04-29","author":{"@type":"Person","@id":"https:\/\/www.profer.cz\/author\/devene\/#Person","name":"devene","url":"https:\/\/www.profer.cz\/author\/devene\/","identifier":1,"image":{"@type":"ImageObject","@id":"https:\/\/secure.gravatar.com\/avatar\/831abbcc684823965c5caa39ae4561083127c8aedfe9e524c6cecc176998c733?s=96&d=mm&r=g","url":"https:\/\/secure.gravatar.com\/avatar\/831abbcc684823965c5caa39ae4561083127c8aedfe9e524c6cecc176998c733?s=96&d=mm&r=g","height":96,"width":96}},"publisher":{"@type":"Organization","name":"profer.cz","logo":{"@type":"ImageObject","@id":"\/logo.png","url":"\/logo.png","width":600,"height":60}},"image":{"@type":"ImageObject","@id":"https:\/\/www.profer.cz\/wp-content\/uploads\/img_a349181_w2385_t1564070494.jpg","url":"https:\/\/www.profer.cz\/wp-content\/uploads\/img_a349181_w2385_t1564070494.jpg","height":0,"width":0},"url":"https:\/\/www.profer.cz\/temna-turistika\/","wordCount":374,"articleBody":"Ned\u00e1vno odvys\u00edlan\u00fd seri\u00e1l \u010cernobyl odstartoval z\u00e1jem o cestov\u00e1n\u00ed do \u010cernobylu na Ukrajin\u011b. \tPokud n\u011bkdo vyr\u00e1\u017e\u00ed na m\u00edsta, kde do\u0161lo ke katastrof\u00e1m zp\u016fsoben\u00fdch p\u0159\u00edrodn\u00ed katastrofou, nebo \u010dlov\u011bkem, kde zem\u0159elo mno\u017estv\u00ed lid\u00ed, naz\u00fdv\u00e1me tento trend temn\u00e1 turistika. Term\u00edn m\u016f\u017eete zn\u00e1t tak\u00e9 jako Dark tourism. \tJedn\u00e1 se vlastn\u011b o takov\u00fd druh turistiky, kter\u00fd je spojen\u00fd se smrt\u00ed a utrpen\u00edm. Mezi c\u00edle pat\u0159\u00ed m\u00edsta boji\u0161\u0165, p\u0159\u00edrodn\u00edch a humanit\u00e1rn\u00edch katastrof, pogrom\u016f, popravi\u0161\u0165 a podobn\u011b.\t\tMezi c\u00edle pat\u0159\u00ed p\u0159edev\u0161\u00edm Auschwitz-Birkenau, \u010cernobylsk\u00e1 jadern\u00e1 elektr\u00e1rna na Ukrajin\u011b, pam\u00e1tn\u00edk v\u00a0Hiro\u0161im\u011b, trosky m\u011bsta Pompeje, kter\u00e9 zni\u010dilo za\u010d\u00e1tkem letopo\u010dtu zem\u011bt\u0159esen\u00ed. \tPro\u010d lid\u00e9 nav\u0161t\u011bvuj\u00ed takov\u00e1 m\u00edsta? D\u016fvody jsou r\u016fzn\u00e9. N\u011bkdy je motivac\u00ed prost\u011b zv\u011bdavost, n\u011bkter\u00e9 lidi na tyto m\u00edsta vol\u00e1 z\u00e1jem o historii, n\u011bkte\u0159\u00ed r\u00e1di hloubaj\u00ed o smyslu \u017eivota pr\u00e1v\u011b na takov\u00fdch m\u00edstech.\tI v\u00a0\u010cesk\u00e9 republice najdeme celou \u0159adu m\u00edst, kter\u00e9 bychom mohly za\u0159adit do temn\u00e9 turistiky.\t\u00a0\t1.\u00a0\u00a0\u00a0\u00a0\u00a0 Pam\u00e1tn\u00edk Terez\u00edn, kter\u00fd byl zalo\u017een na pam\u00e1tku ob\u011btem nacistick\u00e9 genocidy. Terez\u00edn slou\u017eil jako ghetto pro tis\u00edce \u017eid\u016f.\t2.\u00a0\u00a0\u00a0\u00a0\u00a0 Lidice a Le\u017e\u00e1ky, vesnice vyhlazen\u00e9 za 2. Sv\u011btov\u00e9 v\u00e1lky. Dnes na m\u00edst\u011b vyp\u00e1len\u00fdch vesnic stoj\u00ed pam\u00e1tn\u00edky.\t3.\u00a0\u00a0\u00a0\u00a0\u00a0 Pam\u00e1tn\u00edk Mohyla m\u00edru \u2013 vystav\u011bn na po\u010dest legend\u00e1rn\u00ed bitvy t\u0159\u00ed c\u00edsa\u0159\u016f.\t4.\u00a0\u00a0\u00a0\u00a0\u00a0 Kostel sv. Cyrila a Metod\u011bje v\u00a0Praze, kde se ukr\u00fdvali \u010de\u0161t\u00ed para\u0161utist\u00e9, kte\u0159\u00ed provedli atent\u00e1t na Heydricha.\t5.\u00a0\u00a0\u00a0\u00a0\u00a0 Nau\u010dn\u00e1 stezka J\u00e1chymovsk\u00e9 peklo \u2013 zde mohou n\u00e1v\u0161t\u011bvn\u00edci vid\u011bt m\u00edsta, kde v\u00a0pades\u00e1t\u00fdch letech 20. stolet\u00ed dob\u00fdvali uranovou rudu v\u011bzni komunistick\u00e9ho re\u017eimu.\t6.\u00a0\u00a0\u00a0\u00a0\u00a0 Z\u00e1mek Velk\u00e9 Losiny \u2013 m\u00edsto spojen\u00e9 s\u00a0krut\u00fdmi \u010darod\u011bjnick\u00fdmi procesy v\u00a0sedmn\u00e1ct\u00e9m stolet\u00ed.\t7.\u00a0\u00a0\u00a0\u00a0\u00a0 Hrad \u0160pilberk v\u00a0Brn\u011b, zdej\u0161\u00edmu v\u011bzen\u00ed se za dob Rakousko-Uherska p\u0159ezd\u00edvalo \u201e\u017eal\u00e1\u0159 n\u00e1rod\u016f\u201c a byli zde v\u011bzn\u011bni nejt\u011b\u017e\u0161\u00ed zlo\u010dinci monarchie.\t\t8.\u00a0\u00a0\u00a0\u00a0\u00a0 St\u0159edov\u011bk\u00e1 kostnice v\u00a0Sedlci u Kutn\u00e9 hory.                                                                                                                                                                                                                                                                                                                                                                                        4.4\/5 - (9 votes)        "},{"@context":"https:\/\/schema.org\/","@type":"BreadcrumbList","itemListElement":[{"@type":"ListItem","position":1,"name":"Temn\u00e1 turistika","item":"https:\/\/www.profer.cz\/temna-turistika\/#breadcrumbitem"}]}]