[{"@context":"https:\/\/schema.org\/","@type":"Article","@id":"https:\/\/www.profer.cz\/s-ostrahou-objektu-mate-vse-pod-kontrolou\/#Article","mainEntityOfPage":"https:\/\/www.profer.cz\/s-ostrahou-objektu-mate-vse-pod-kontrolou\/","headline":"S ostrahou objekt\u016f m\u00e1te v\u0161e pod kontrolou","name":"S ostrahou objekt\u016f m\u00e1te v\u0161e pod kontrolou","description":"Nedok\u00e1\u017eete sami ohl\u00eddat okol\u00ed firmy, prostory a k tomu sklady? Ani to po v\u00e1s nikdo nepo\u017eaduje. Od toho jsou profesion\u00e1ln\u00ed slu\u017eby, d\u00edky kter\u00fdm zajist\u00edte v\u0161echny budovy, kter\u00e9 va\u0161e firma vlastn\u00ed a je\u0161t\u011b i akce, kter\u00e9 firma po\u0159\u00e1d\u00e1. Nebudete se muset ob\u00e1vat toho, co se d\u011bje ve va\u0161\u00ed nep\u0159\u00edtomnosti a zat\u00edm, co vy si budete v...","datePublished":"2024-10-25","dateModified":"2024-10-25","author":{"@type":"Person","@id":"https:\/\/www.profer.cz\/author\/devene\/#Person","name":"devene","url":"https:\/\/www.profer.cz\/author\/devene\/","identifier":1,"image":{"@type":"ImageObject","@id":"https:\/\/secure.gravatar.com\/avatar\/831abbcc684823965c5caa39ae4561083127c8aedfe9e524c6cecc176998c733?s=96&d=mm&r=g","url":"https:\/\/secure.gravatar.com\/avatar\/831abbcc684823965c5caa39ae4561083127c8aedfe9e524c6cecc176998c733?s=96&d=mm&r=g","height":96,"width":96}},"publisher":{"@type":"Organization","name":"profer.cz","logo":{"@type":"ImageObject","@id":"\/logo.png","url":"\/logo.png","width":600,"height":60}},"url":"https:\/\/www.profer.cz\/s-ostrahou-objektu-mate-vse-pod-kontrolou\/","wordCount":221,"articleBody":"Nedok\u00e1\u017eete sami ohl\u00eddat okol\u00ed firmy, prostory a k tomu sklady? Ani to po v\u00e1s nikdo nepo\u017eaduje. Od toho jsou profesion\u00e1ln\u00ed slu\u017eby, d\u00edky kter\u00fdm zajist\u00edte v\u0161echny budovy, kter\u00e9 va\u0161e firma vlastn\u00ed a je\u0161t\u011b i akce, kter\u00e9 firma po\u0159\u00e1d\u00e1. Nebudete se muset ob\u00e1vat toho, co se d\u011bje ve va\u0161\u00ed nep\u0159\u00edtomnosti a zat\u00edm, co vy si budete v klidu \u0159e\u0161it svoje pracovn\u00ed povinnosti, o bezpe\u010dnost osob a majetku se budou starat jin\u00ed. Ti, kte\u0159\u00ed na to maj\u00ed p\u0159edpoklady, zku\u0161enosti a hlavn\u011b speci\u00e1ln\u00ed \u0161kolen\u00ed a v\u00fdcvik. Pro specializovanou agenturu nen\u00ed probl\u00e9m zajistit ani ochranu s v\u00fdzbroj\u00ed, \u010di slu\u017eebn\u00edm psem.M\u016f\u017eete odcestovatPro v\u0161echny, kdo chce chr\u00e1nit sv\u016fj majetek a zajistit ochranu osob, ale nechce to \u0159e\u0161it fyzickou ostrahou objekt\u016f, existuj\u00ed i dal\u0161\u00ed \u0159e\u0161en\u00ed. Nap\u0159\u00edklad zaji\u0161t\u011bn\u00ed bezpe\u010dnosti a hl\u00edd\u00e1n\u00ed prostor\u016f modern\u00edmi technologiemi, jako kamerov\u00e9 syst\u00e9my, \u010di signaliza\u010dn\u00ed za\u0159\u00edzen\u00ed. Profesion\u00e1ln\u011b si m\u016f\u017eete nechat zajistit budovu i po\u017e\u00e1rn\u00edm syst\u00e9mem, kter\u00fd prostory ochr\u00e1n\u00ed p\u0159ed za\u010d\u00ednaj\u00edc\u00edm po\u017e\u00e1rem. O majetek se d\u00e1 p\u0159ij\u00edt pr\u00e1v\u011b i t\u00edmto ne\u010dekan\u00fdm zp\u016fsobem.                                                                                                                                                                                                                                                                                                                                                                                        3.7\/5 - (3 votes)        "},{"@context":"https:\/\/schema.org\/","@type":"BreadcrumbList","itemListElement":[{"@type":"ListItem","position":1,"name":"S ostrahou objekt\u016f m\u00e1te v\u0161e pod kontrolou","item":"https:\/\/www.profer.cz\/s-ostrahou-objektu-mate-vse-pod-kontrolou\/#breadcrumbitem"}]}]