[{"@context":"https:\/\/schema.org\/","@type":"Article","@id":"https:\/\/www.profer.cz\/rozmery-ktere-vsude-skvele-zapadnou\/#Article","mainEntityOfPage":"https:\/\/www.profer.cz\/rozmery-ktere-vsude-skvele-zapadnou\/","headline":"Rozm\u011bry, kter\u00e9 v\u0161ude skv\u011ble zapadnou","name":"Rozm\u011bry, kter\u00e9 v\u0161ude skv\u011ble zapadnou","description":"Ne ka\u017ed\u00fd rozm\u011br koberc\u016f se v\u00e1m m\u016f\u017ee zrovna hodit do va\u0161\u00ed dom\u00e1cnosti. Ne v\u017edy m\u00e1me zrovna ide\u00e1ln\u00ed m\u00edstnosti, ne v\u017edy odpov\u00eddaj\u00ed rozm\u011bry. \u010casto se pak mus\u00edte s rozm\u011bry p\u0159izp\u016fsobovat vy. U n\u00e1s je to ov\u0161em jinak. V na\u0161\u00ed \u0161irok\u00e9 nab\u00eddce m\u00e1te tyto bytov\u00e9 dopl\u0148ky snad ve v\u0161ech rozm\u011brech, a proto si m\u016f\u017eete vybrat ten nejvhodn\u011bj\u0161\u00ed...","datePublished":"2024-12-12","dateModified":"2024-12-12","author":{"@type":"Person","@id":"https:\/\/www.profer.cz\/author\/devene\/#Person","name":"devene","url":"https:\/\/www.profer.cz\/author\/devene\/","identifier":1,"image":{"@type":"ImageObject","@id":"https:\/\/secure.gravatar.com\/avatar\/831abbcc684823965c5caa39ae4561083127c8aedfe9e524c6cecc176998c733?s=96&d=mm&r=g","url":"https:\/\/secure.gravatar.com\/avatar\/831abbcc684823965c5caa39ae4561083127c8aedfe9e524c6cecc176998c733?s=96&d=mm&r=g","height":96,"width":96}},"publisher":{"@type":"Organization","name":"profer.cz","logo":{"@type":"ImageObject","@id":"\/logo.png","url":"\/logo.png","width":600,"height":60}},"url":"https:\/\/www.profer.cz\/rozmery-ktere-vsude-skvele-zapadnou\/","wordCount":200,"articleBody":"Ne ka\u017ed\u00fd rozm\u011br koberc\u016f se v\u00e1m m\u016f\u017ee zrovna hodit do va\u0161\u00ed dom\u00e1cnosti. Ne v\u017edy m\u00e1me zrovna ide\u00e1ln\u00ed m\u00edstnosti, ne v\u017edy odpov\u00eddaj\u00ed rozm\u011bry. \u010casto se pak mus\u00edte s rozm\u011bry p\u0159izp\u016fsobovat vy. U n\u00e1s je to ov\u0161em jinak. V na\u0161\u00ed \u0161irok\u00e9 nab\u00eddce m\u00e1te tyto bytov\u00e9 dopl\u0148ky snad ve v\u0161ech rozm\u011brech, a proto si m\u016f\u017eete vybrat ten nejvhodn\u011bj\u0161\u00ed pr\u00e1v\u011b pro v\u00e1s. I vy si zde najdete kus, kter\u00fd bude nejl\u00e9pe odpov\u00eddat va\u0161im po\u017eadavk\u016fm. Ji\u017e se nemus\u00edte p\u0159izp\u016fsobovat vy! My p\u0159izp\u016fsob\u00edme na\u0161e v\u00fdrobky. \u0160irok\u00fd v\u00fdb\u011br barev Ka\u017ed\u00fd byt \u010di d\u016fm je origin\u00e1l. Ka\u017ed\u00fd u\u017eivatel si vybav\u00ed svou dom\u00e1cnost podle sv\u00fdch p\u0159edstav. My se sna\u017e\u00edme s na\u0161imi koberci vyj\u00edt ka\u017ed\u00e9mu vst\u0159\u00edc, proto se na\u0161e nab\u00eddka skl\u00e1d\u00e1 z opravdu kr\u00e1sn\u00fdch a origin\u00e1ln\u00edch kus\u016f v\u0161ech mo\u017en\u00fdch barev, aby byl v\u00fdb\u011br i pro v\u00e1s co nej\u0161ir\u0161\u00ed!                                                                                                                                                                                                                                                                                                                                                                                        4.3\/5 - (3 votes)        "},{"@context":"https:\/\/schema.org\/","@type":"BreadcrumbList","itemListElement":[{"@type":"ListItem","position":1,"name":"Rozm\u011bry, kter\u00e9 v\u0161ude skv\u011ble zapadnou","item":"https:\/\/www.profer.cz\/rozmery-ktere-vsude-skvele-zapadnou\/#breadcrumbitem"}]}]