[{"@context":"https:\/\/schema.org\/","@type":"Article","@id":"https:\/\/www.profer.cz\/poznejte-kus-jizni-moravy-ze-sedla-kola\/#Article","mainEntityOfPage":"https:\/\/www.profer.cz\/poznejte-kus-jizni-moravy-ze-sedla-kola\/","headline":"Poznejte kus ji\u017en\u00ed Moravy ze sedla kola","name":"Poznejte kus ji\u017en\u00ed Moravy ze sedla kola","description":"Cyklistika je v \u010cesk\u00e9 republice velmi obl\u00edben\u00e1. Nen\u00ed se \u010demu divit, nebo\u0165 lid\u00e9 v \u010cech\u00e1ch a na Morav\u011b maj\u00ed tolik mo\u017enost\u00ed, jak sv\u00e9 bicykly vyu\u017e\u00edt, a\u017e jde z toho hlava kolem. Pod\u00edvejte se t\u0159eba na oblast ji\u017en\u00ed Moravy. Najdete zde mnoho kr\u00e1sn\u00fdch m\u00edst, kter\u00e9 si p\u0159\u00edmo \u0159\u00edkaj\u00ed o to, abyste je poznali ze sedla sv\u00e9ho...","datePublished":"2019-10-20","dateModified":"2024-05-28","author":{"@type":"Person","@id":"https:\/\/www.profer.cz\/author\/devene\/#Person","name":"devene","url":"https:\/\/www.profer.cz\/author\/devene\/","identifier":1,"image":{"@type":"ImageObject","@id":"https:\/\/secure.gravatar.com\/avatar\/831abbcc684823965c5caa39ae4561083127c8aedfe9e524c6cecc176998c733?s=96&d=mm&r=g","url":"https:\/\/secure.gravatar.com\/avatar\/831abbcc684823965c5caa39ae4561083127c8aedfe9e524c6cecc176998c733?s=96&d=mm&r=g","height":96,"width":96}},"publisher":{"@type":"Organization","name":"profer.cz","logo":{"@type":"ImageObject","@id":"\/logo.png","url":"\/logo.png","width":600,"height":60}},"image":{"@type":"ImageObject","@id":"https:\/\/www.profer.cz\/wp-content\/uploads\/img_a365201_w1921_t1578217291.jpg","url":"https:\/\/www.profer.cz\/wp-content\/uploads\/img_a365201_w1921_t1578217291.jpg","height":0,"width":0},"url":"https:\/\/www.profer.cz\/poznejte-kus-jizni-moravy-ze-sedla-kola\/","about":["Dovolen\u00e1"],"wordCount":393,"articleBody":"       Cyklistika je v \u010cesk\u00e9 republice velmi obl\u00edben\u00e1. Nen\u00ed se \u010demu divit, nebo\u0165 lid\u00e9 v \u010cech\u00e1ch a na Morav\u011b maj\u00ed tolik mo\u017enost\u00ed, jak sv\u00e9 bicykly vyu\u017e\u00edt, a\u017e jde z toho hlava kolem. Pod\u00edvejte se t\u0159eba na oblast ji\u017en\u00ed Moravy. Najdete zde mnoho kr\u00e1sn\u00fdch m\u00edst, kter\u00e9 si p\u0159\u00edmo \u0159\u00edkaj\u00ed o to, abyste je poznali ze sedla sv\u00e9ho bicyklu. Jmenovit\u011b pak m\u016f\u017ee j\u00edt o tato m\u00edsta: \u2013 Lednicko-valtick\u00fd are\u00e1l = are\u00e1l dvou z\u00e1mk\u016f, kter\u00fd je spojen\u00fd velkou silnic\u00ed, a je takov\u00fd mal\u00fdm skanzenem v okol\u00ed n\u00e1dhern\u00e9 p\u0159\u00edrody a nekone\u010dn\u00fdch vinn\u00fdch l\u00e1n\u016f \u2013 Mikulov = malebn\u00e9 m\u011bsto, kter\u00e9 nab\u00edz\u00ed kr\u00e1sn\u00e9 historick\u00e9 pam\u00e1tky, mnoho mo\u017enost\u00ed ochutn\u00e1vek v\u00edna, ale tak\u00e9 relaxaci a v\u017edy kr\u00e1sn\u00e9 po\u010das\u00ed \u2013 Rakousko = proto\u017ee od Lednic je Rakousko co by kamenem dohodil, m\u016f\u017eete se rozhodnout ud\u011blat si v\u00fdlet i do t\u00e9to oblasti, rozhodn\u011b to stoj\u00ed za to \u2013 Okol\u00ed = po\u010detn\u00e1 s\u00ed\u0165 cyklostezek v \u010dele se stezkou kolem p\u0159ehradn\u00ed n\u00e1dr\u017ee Nov\u00e9 Ml\u00fdny, dok\u00e1\u017ee zanechat p\u0159\u00edjemn\u00e9 vzpom\u00ednky nejenom zaryt\u00e9mu cyklistovi, ale tak\u00e9 \u010dlov\u011bku, kter\u00fd se prodeje r\u00e1d jenom ob\u010das M\u00edst je zkr\u00e1tka skute\u010dn\u011b mnoho, a proto nen\u00ed mo\u017en\u00e9 je v\u0161echny poznat b\u011bhem jednoho dne. Nebude tedy od v\u011bci rozhodnout se v n\u011bkter\u00e9m ze zm\u00edn\u011bn\u00fdch m\u00edst p\u0159epsat. Pakli\u017ee se rozhodnete pro Lednici, budete p\u0159ekvapeni, kolik hezk\u00e9ho ubytov\u00e1n\u00ed zde je mo\u017en\u00e9 vyu\u017e\u00edt. P\u0159\u00edkladem pak m\u016f\u017ee b\u00fdt hotel , kter\u00fd poskytne ve\u0161ker\u00e9 z\u00e1zem\u00ed, kter\u00e9 pro sv\u00e9 cestov\u00e1n\u00ed pot\u0159ebujete. Cyklistika jako z\u00e1klad dopravy Pakli\u017ee bude va\u0161\u00edm c\u00edlem projet toho, co mo\u017en\u00e1 nejv\u00edce, m\u011bli byste si s sebou vz\u00edt sv\u016fj bicykl. I v p\u0159\u00edpad\u011b, kdy byste to v\u0161ak neud\u011blali, se v\u00e1m dve\u0159e cyklistiky v t\u00e9to oblasti nezav\u00edraj\u00ed. M\u016f\u017eete si toti\u017e n\u011bjak\u00e9 kolo p\u016fj\u010dit, p\u0159\u00edpadn\u011b m\u016f\u017eete vyu\u017e\u00edt jin\u00fdch slu\u017eeb, kter\u00e9 v\u00e1m umo\u017en\u00ed poznat tento kraj, jak to jenom p\u016fjde. Proto se neomezujte, ale napl\u00e1nujte si dovolenou, na kterou rozhodn\u011b nezapomenete.                                                                                                                                                                                                                                                                                                                                                                                          3.3\/5 - (6 votes)        "},{"@context":"https:\/\/schema.org\/","@type":"BreadcrumbList","itemListElement":[{"@type":"ListItem","position":1,"name":"Poznejte kus ji\u017en\u00ed Moravy ze sedla kola","item":"https:\/\/www.profer.cz\/poznejte-kus-jizni-moravy-ze-sedla-kola\/#breadcrumbitem"}]}]