[{"@context":"https:\/\/schema.org\/","@type":"Article","@id":"https:\/\/www.profer.cz\/pocitace-a-mobily\/#Article","mainEntityOfPage":"https:\/\/www.profer.cz\/pocitace-a-mobily\/","headline":"Po\u010d\u00edta\u010de a mobily","name":"Po\u010d\u00edta\u010de a mobily","description":"Tyto dva p\u0159\u00edstroje n\u00e1m vpadly do \u017eivot\u016f a n\u011bkter\u00fdm je zcela rozvr\u00e1tily. Jejich za\u010d\u00e1tky byly pro ka\u017ed\u00e9ho t\u011b\u017ek\u00e9. Kdo cht\u011bl po\u010d\u00edta\u010d, nemohl si jej po\u0159\u00eddit pro jeho drahotu, kdo cht\u011bl mobil, m\u011bl v jeho po\u010d\u00e1tc\u00edch stejn\u00fd probl\u00e9m. \u00a0 Kdo je cht\u011bl za ka\u017edou cenu, bral pen\u00edze, kde se dalo a tyto v\u011bci si stejn\u011b po\u0159\u00eddil....","datePublished":"2022-03-10","dateModified":"2023-04-29","author":{"@type":"Person","@id":"https:\/\/www.profer.cz\/author\/devene\/#Person","name":"devene","url":"https:\/\/www.profer.cz\/author\/devene\/","identifier":1,"image":{"@type":"ImageObject","@id":"https:\/\/secure.gravatar.com\/avatar\/831abbcc684823965c5caa39ae4561083127c8aedfe9e524c6cecc176998c733?s=96&d=mm&r=g","url":"https:\/\/secure.gravatar.com\/avatar\/831abbcc684823965c5caa39ae4561083127c8aedfe9e524c6cecc176998c733?s=96&d=mm&r=g","height":96,"width":96}},"publisher":{"@type":"Organization","name":"profer.cz","logo":{"@type":"ImageObject","@id":"\/logo.png","url":"\/logo.png","width":600,"height":60}},"image":{"@type":"ImageObject","@id":"https:\/\/www.profer.cz\/wp-content\/uploads\/smartphone_notebook_social_media_1.jpg","url":"https:\/\/www.profer.cz\/wp-content\/uploads\/smartphone_notebook_social_media_1.jpg","height":0,"width":0},"url":"https:\/\/www.profer.cz\/pocitace-a-mobily\/","about":["IT"],"wordCount":408,"articleBody":"Tyto dva p\u0159\u00edstroje n\u00e1m vpadly do \u017eivot\u016f a n\u011bkter\u00fdm je zcela rozvr\u00e1tily. Jejich za\u010d\u00e1tky byly pro ka\u017ed\u00e9ho t\u011b\u017ek\u00e9. Kdo cht\u011bl po\u010d\u00edta\u010d, nemohl si jej po\u0159\u00eddit pro jeho drahotu, kdo cht\u011bl mobil, m\u011bl v jeho po\u010d\u00e1tc\u00edch stejn\u00fd probl\u00e9m. \u00a0Kdo je cht\u011bl za ka\u017edou cenu, bral pen\u00edze, kde se dalo a tyto v\u011bci si stejn\u011b po\u0159\u00eddil. V\u011bt\u0161inou je neu\u017eil, proto\u017ee skon\u010dil v base, jak se d\u0159\u00edve \u0159\u00edk\u00e1valo, v arestu.\u00a0V dne\u0161n\u00ed dob\u011b si v\u0161ak m\u016f\u017ee tyto v\u011bci dovolit u\u017e skoro ka\u017ed\u00fd. Proto se kupuj\u00ed ty nejnov\u011bj\u0161\u00ed a nejlep\u0161\u00ed zna\u010dky, ani\u017e \u010dlov\u011bk uv\u00e1\u017e\u00ed, zda v\u016fbec v\u0161echny ty podivnosti a funkce, za kter\u00e9 vlastn\u011b zaplatil, vyu\u017eije. Pak m\u00e1 sice doma stroj za velk\u00e9 pen\u00edze, ale pou\u017e\u00edv\u00e1 jej stejn\u011b, jako by m\u011bl doma pr\u016fm\u011brn\u00fd, nebo dokonce i podpr\u016fm\u011brn\u00e9 za\u0159\u00edzen\u00ed. Pokud chci jen ob\u010das napsat dopis, pop\u0159\u00edpad\u011b se sem tam spojit s n\u011bjak\u00fdm p\u0159\u00edbuzn\u00fdm \u010di kamar\u00e1dem, nen\u00ed pot\u0159eba m\u00edt po\u010d\u00edta\u010d za milion a mobil za dva. Ale jist\u011b, pro chluben\u00ed to je tak akor\u00e1t. \u00a0Ka\u017ed\u00fd u\u017eivatel informa\u010dn\u00edch technologi\u00ed by m\u011bl soudn\u011b uv\u00e1\u017eit, zda opravdu pot\u0159ebuje n\u011bco, co d\u011bl\u00e1 fotky v extra super kvalit\u011b, kdy\u017e vyfot\u00ed jednou za \u010das sv\u00e9ho potomka nebo sem tam n\u011bco v p\u0159\u00edrod\u011b. Pro neprofesion\u00e1ln\u00edho fotografa sta\u010d\u00ed b\u011b\u017en\u00fd mobil, kter\u00e1 u\u017e dneska d\u011bl\u00e1 fotky skute\u010dn\u011b na \u00farovni. Laik nepozn\u00e1, \u017ee nejsou foceny vysoce profesion\u00e1ln\u00edm strojem. \u00a0Nejl\u00e9pe je se poradit, ale asi ne p\u0159\u00edmo v prodejn\u011b, kde se sna\u017e\u00ed prodava\u010d prodat rad\u011bji dra\u017e\u0161\u00ed p\u0159\u00edstroj, proto\u017ee m\u00e1 z toho v\u011bt\u0161inou provizi. \u00a0Nejl\u00e9pe se i zde vr\u00e1tit k informa\u010dn\u00edm technologi\u00edm a vyhledat si informace p\u0159\u00edmo na internetu. Samoz\u0159ejm\u011b je pot\u0159eba se p\u0159edt\u00edm n\u011bco nau\u010dit, alespo\u0148 z\u00e1klady, aby \u010dlov\u011bk rozum\u011bl technick\u00fdm parametr\u016fm. Je t\u011b\u017ekou posoudit mobil kv\u016fli focen\u00ed, kdy\u017e nem\u00e1me tuchu, jak\u00e9 \u00fadaje si nastudovat. \u00a0Obklopujme se klidn\u011b technick\u00fdmi vymo\u017eenostmi, proto\u017ee n\u00e1m usnadn\u00ed \u010d\u00e1st \u017eivota. Jen to n\u011bjak moc nep\u0159eh\u00e1n\u011bjme.\u00a0                                                                                                                                                                                                                                                                                                                                                                                        4.2\/5 - (6 votes)        "},{"@context":"https:\/\/schema.org\/","@type":"BreadcrumbList","itemListElement":[{"@type":"ListItem","position":1,"name":"Po\u010d\u00edta\u010de a mobily","item":"https:\/\/www.profer.cz\/pocitace-a-mobily\/#breadcrumbitem"}]}]