[{"@context":"https:\/\/schema.org\/","@type":"Article","@id":"https:\/\/www.profer.cz\/perfektni-denni-svetlo\/#Article","mainEntityOfPage":"https:\/\/www.profer.cz\/perfektni-denni-svetlo\/","headline":"Perfektn\u00ed denn\u00ed sv\u011btlo","name":"Perfektn\u00ed denn\u00ed sv\u011btlo","description":"Denn\u00ed sv\u011btlo je d\u016fle\u017eit\u00e9, \u010dlov\u011bk bez n\u011bj nedok\u00e1\u017ee \u017e\u00edt a existovat, Pokud m\u00e1te i vy n\u011bjak\u00e9 interi\u00e9ry v podkrov\u00ed, tak samoz\u0159ejm\u011b v\u00edte, \u017ee tam jsou pot\u0159eba kvalitn\u00ed st\u0159e\u0161n\u00ed okna, aby se i do t\u011bchto prostor dost\u00e1valo denn\u00ed sv\u011btlo, co to jen jde. Kde ale sehnat opravdu kvalitn\u00ed kusy, kter\u00e9 v\u00e1m budou slou\u017eit des\u00edtky let? Pokud...","datePublished":"2024-11-15","dateModified":"2024-11-15","author":{"@type":"Person","@id":"https:\/\/www.profer.cz\/author\/devene\/#Person","name":"devene","url":"https:\/\/www.profer.cz\/author\/devene\/","identifier":1,"image":{"@type":"ImageObject","@id":"https:\/\/secure.gravatar.com\/avatar\/831abbcc684823965c5caa39ae4561083127c8aedfe9e524c6cecc176998c733?s=96&d=mm&r=g","url":"https:\/\/secure.gravatar.com\/avatar\/831abbcc684823965c5caa39ae4561083127c8aedfe9e524c6cecc176998c733?s=96&d=mm&r=g","height":96,"width":96}},"publisher":{"@type":"Organization","name":"profer.cz","logo":{"@type":"ImageObject","@id":"\/logo.png","url":"\/logo.png","width":600,"height":60}},"url":"https:\/\/www.profer.cz\/perfektni-denni-svetlo\/","wordCount":173,"articleBody":"Denn\u00ed sv\u011btlo je d\u016fle\u017eit\u00e9, \u010dlov\u011bk bez n\u011bj nedok\u00e1\u017ee \u017e\u00edt a existovat, Pokud m\u00e1te i vy n\u011bjak\u00e9 interi\u00e9ry v podkrov\u00ed, tak samoz\u0159ejm\u011b v\u00edte, \u017ee tam jsou pot\u0159eba kvalitn\u00ed st\u0159e\u0161n\u00ed okna, aby se i do t\u011bchto prostor dost\u00e1valo denn\u00ed sv\u011btlo, co to jen jde. Kde ale sehnat opravdu kvalitn\u00ed kusy, kter\u00e9 v\u00e1m budou slou\u017eit des\u00edtky let? Pokud si zakl\u00e1d\u00e1te na opravdov\u00e9 kvalit\u011b, perfektn\u011b cen\u011b a na skv\u011bl\u00fdm vlastnostem, tak zajist\u00e9 nev\u00e1hejte a nakupujte tyto kousky pr\u00e1v\u011b u n\u00e1s, budete naprosto nad\u0161eni.Spousta noremNa\u0161e st\u0159e\u0161n\u00ed okna jsou opravdu velmi kvalitn\u00ed, pon\u011bvad\u017e spl\u0148uj\u00ed spoustu nejr\u016fzn\u011bj\u0161\u00edch norem, kter\u00e9 jsou opravdu p\u0159\u00edsn\u00e9 a z\u00e1sadn\u00ed. Jestli\u017ee o\u010dek\u00e1v\u00e1te tedy kvalitu, tak zajist\u00e9 neud\u011bl\u00e1te chybu, kdy\u017e si vyberete pr\u00e1v\u011b tyto nezbytn\u00e9 produkty u n\u00e1s, u opravdov\u00fdch odborn\u00edk\u016f p\u0159es tyto produkty.                                                                                                                                                                                                                                                                                                                                                                                        3.5\/5 - (2 votes)        "},{"@context":"https:\/\/schema.org\/","@type":"BreadcrumbList","itemListElement":[{"@type":"ListItem","position":1,"name":"Perfektn\u00ed denn\u00ed sv\u011btlo","item":"https:\/\/www.profer.cz\/perfektni-denni-svetlo\/#breadcrumbitem"}]}]