[{"@context":"https:\/\/schema.org\/","@type":"Blog","@id":"https:\/\/www.profer.cz#Blog","headline":"Profer","description":"\nNen\u00ed m\u011bna jako m\u011bna. Zat\u00edmco u jedn\u00e9 si m\u016f\u017ee b\u00fdt \u010dlov\u011bk jej\u00ed hodnotou jist, jin\u00e9 vzbuzuj\u00ed pochybnosti nebo jsou dokonce ignorovan\u00e9 jako\u017eto bezcenn\u00e9.","url":"https:\/\/www.profer.cz","hasPart":[{"@type":"Article","@id":"https:\/\/www.profer.cz\/dilensky-sverak\/","headline":"D\u00edlensk\u00fd sv\u011br\u00e1k","url":"https:\/\/www.profer.cz\/dilensky-sverak\/","datePublished":"2025-02-16","dateModified":"2025-02-16","mainEntityOfPage":"https:\/\/www.profer.cz\/dilensky-sverak\/","author":{"@type":"Person","@id":"https:\/\/www.profer.cz\/author\/devene\/#Person","name":"devene","url":"https:\/\/www.profer.cz\/author\/devene\/","identifier":1,"image":{"@type":"ImageObject","@id":"https:\/\/secure.gravatar.com\/avatar\/831abbcc684823965c5caa39ae4561083127c8aedfe9e524c6cecc176998c733?s=96&d=mm&r=g","url":"https:\/\/secure.gravatar.com\/avatar\/831abbcc684823965c5caa39ae4561083127c8aedfe9e524c6cecc176998c733?s=96&d=mm&r=g","height":96,"width":96}},"publisher":{"@type":"Organization","name":"profer.cz","logo":{"@type":"ImageObject","@id":"\/logo.png","url":"\/logo.png","width":600,"height":60}},"image":null,"wordCount":245,"keywords":null},{"@type":"Article","@id":"https:\/\/www.profer.cz\/danova-evidence\/","headline":"Da\u0148ov\u00e1 evidence","url":"https:\/\/www.profer.cz\/danova-evidence\/","datePublished":"2025-02-05","dateModified":"2025-02-05","mainEntityOfPage":"https:\/\/www.profer.cz\/danova-evidence\/","author":{"@type":"Person","@id":"https:\/\/www.profer.cz\/author\/devene\/#Person","name":"devene","url":"https:\/\/www.profer.cz\/author\/devene\/","identifier":1,"image":{"@type":"ImageObject","@id":"https:\/\/secure.gravatar.com\/avatar\/831abbcc684823965c5caa39ae4561083127c8aedfe9e524c6cecc176998c733?s=96&d=mm&r=g","url":"https:\/\/secure.gravatar.com\/avatar\/831abbcc684823965c5caa39ae4561083127c8aedfe9e524c6cecc176998c733?s=96&d=mm&r=g","height":96,"width":96}},"publisher":{"@type":"Organization","name":"profer.cz","logo":{"@type":"ImageObject","@id":"\/logo.png","url":"\/logo.png","width":600,"height":60}},"image":null,"wordCount":234,"keywords":null},{"@type":"Article","@id":"https:\/\/www.profer.cz\/vymahani-pohledavek\/","headline":"Vym\u00e1h\u00e1n\u00ed pohled\u00e1vek","url":"https:\/\/www.profer.cz\/vymahani-pohledavek\/","datePublished":"2025-01-30","dateModified":"2025-01-30","mainEntityOfPage":"https:\/\/www.profer.cz\/vymahani-pohledavek\/","author":{"@type":"Person","@id":"https:\/\/www.profer.cz\/author\/devene\/#Person","name":"devene","url":"https:\/\/www.profer.cz\/author\/devene\/","identifier":1,"image":{"@type":"ImageObject","@id":"https:\/\/secure.gravatar.com\/avatar\/831abbcc684823965c5caa39ae4561083127c8aedfe9e524c6cecc176998c733?s=96&d=mm&r=g","url":"https:\/\/secure.gravatar.com\/avatar\/831abbcc684823965c5caa39ae4561083127c8aedfe9e524c6cecc176998c733?s=96&d=mm&r=g","height":96,"width":96}},"publisher":{"@type":"Organization","name":"profer.cz","logo":{"@type":"ImageObject","@id":"\/logo.png","url":"\/logo.png","width":600,"height":60}},"image":null,"wordCount":251,"keywords":null},{"@type":"Article","@id":"https:\/\/www.profer.cz\/ceny-ktere-jsou-velmi-nizke\/","headline":"Ceny, kter\u00e9 jsou velmi n\u00edzk\u00e9","url":"https:\/\/www.profer.cz\/ceny-ktere-jsou-velmi-nizke\/","datePublished":"2025-01-20","dateModified":"2025-01-20","mainEntityOfPage":"https:\/\/www.profer.cz\/ceny-ktere-jsou-velmi-nizke\/","author":{"@type":"Person","@id":"https:\/\/www.profer.cz\/author\/devene\/#Person","name":"devene","url":"https:\/\/www.profer.cz\/author\/devene\/","identifier":1,"image":{"@type":"ImageObject","@id":"https:\/\/secure.gravatar.com\/avatar\/831abbcc684823965c5caa39ae4561083127c8aedfe9e524c6cecc176998c733?s=96&d=mm&r=g","url":"https:\/\/secure.gravatar.com\/avatar\/831abbcc684823965c5caa39ae4561083127c8aedfe9e524c6cecc176998c733?s=96&d=mm&r=g","height":96,"width":96}},"publisher":{"@type":"Organization","name":"profer.cz","logo":{"@type":"ImageObject","@id":"\/logo.png","url":"\/logo.png","width":600,"height":60}},"image":null,"wordCount":213,"keywords":null},{"@type":"Article","@id":"https:\/\/www.profer.cz\/premyslite-kde-si-vyhodne-pujcit-automobil\/","headline":"P\u0159em\u00fd\u0161l\u00edte, kde si v\u00fdhodn\u011b p\u016fj\u010dit automobil?","url":"https:\/\/www.profer.cz\/premyslite-kde-si-vyhodne-pujcit-automobil\/","datePublished":"2025-01-15","dateModified":"2025-01-15","mainEntityOfPage":"https:\/\/www.profer.cz\/premyslite-kde-si-vyhodne-pujcit-automobil\/","author":{"@type":"Person","@id":"https:\/\/www.profer.cz\/author\/devene\/#Person","name":"devene","url":"https:\/\/www.profer.cz\/author\/devene\/","identifier":1,"image":{"@type":"ImageObject","@id":"https:\/\/secure.gravatar.com\/avatar\/831abbcc684823965c5caa39ae4561083127c8aedfe9e524c6cecc176998c733?s=96&d=mm&r=g","url":"https:\/\/secure.gravatar.com\/avatar\/831abbcc684823965c5caa39ae4561083127c8aedfe9e524c6cecc176998c733?s=96&d=mm&r=g","height":96,"width":96}},"publisher":{"@type":"Organization","name":"profer.cz","logo":{"@type":"ImageObject","@id":"\/logo.png","url":"\/logo.png","width":600,"height":60}},"image":null,"wordCount":259,"keywords":null},{"@type":"Article","@id":"https:\/\/www.profer.cz\/machovo-jezero-chatky\/","headline":"M\u00e1chovo jezero chatky","url":"https:\/\/www.profer.cz\/machovo-jezero-chatky\/","datePublished":"2025-01-09","dateModified":"2025-01-09","mainEntityOfPage":"https:\/\/www.profer.cz\/machovo-jezero-chatky\/","author":{"@type":"Person","@id":"https:\/\/www.profer.cz\/author\/devene\/#Person","name":"devene","url":"https:\/\/www.profer.cz\/author\/devene\/","identifier":1,"image":{"@type":"ImageObject","@id":"https:\/\/secure.gravatar.com\/avatar\/831abbcc684823965c5caa39ae4561083127c8aedfe9e524c6cecc176998c733?s=96&d=mm&r=g","url":"https:\/\/secure.gravatar.com\/avatar\/831abbcc684823965c5caa39ae4561083127c8aedfe9e524c6cecc176998c733?s=96&d=mm&r=g","height":96,"width":96}},"publisher":{"@type":"Organization","name":"profer.cz","logo":{"@type":"ImageObject","@id":"\/logo.png","url":"\/logo.png","width":600,"height":60}},"image":null,"wordCount":219,"keywords":null},{"@type":"Article","@id":"https:\/\/www.profer.cz\/rozmanita-nabidka-ruznych-velikosti\/","headline":"Rozmanit\u00e1 nab\u00eddka r\u016fzn\u00fdch velikost\u00ed","url":"https:\/\/www.profer.cz\/rozmanita-nabidka-ruznych-velikosti\/","datePublished":"2025-01-03","dateModified":"2025-01-03","mainEntityOfPage":"https:\/\/www.profer.cz\/rozmanita-nabidka-ruznych-velikosti\/","author":{"@type":"Person","@id":"https:\/\/www.profer.cz\/author\/devene\/#Person","name":"devene","url":"https:\/\/www.profer.cz\/author\/devene\/","identifier":1,"image":{"@type":"ImageObject","@id":"https:\/\/secure.gravatar.com\/avatar\/831abbcc684823965c5caa39ae4561083127c8aedfe9e524c6cecc176998c733?s=96&d=mm&r=g","url":"https:\/\/secure.gravatar.com\/avatar\/831abbcc684823965c5caa39ae4561083127c8aedfe9e524c6cecc176998c733?s=96&d=mm&r=g","height":96,"width":96}},"publisher":{"@type":"Organization","name":"profer.cz","logo":{"@type":"ImageObject","@id":"\/logo.png","url":"\/logo.png","width":600,"height":60}},"image":null,"wordCount":223,"keywords":null},{"@type":"Article","@id":"https:\/\/www.profer.cz\/pro-vasi-kontrolu\/","headline":"Pro va\u0161i kontrolu","url":"https:\/\/www.profer.cz\/pro-vasi-kontrolu\/","datePublished":"2024-12-26","dateModified":"2024-12-26","mainEntityOfPage":"https:\/\/www.profer.cz\/pro-vasi-kontrolu\/","author":{"@type":"Person","@id":"https:\/\/www.profer.cz\/author\/devene\/#Person","name":"devene","url":"https:\/\/www.profer.cz\/author\/devene\/","identifier":1,"image":{"@type":"ImageObject","@id":"https:\/\/secure.gravatar.com\/avatar\/831abbcc684823965c5caa39ae4561083127c8aedfe9e524c6cecc176998c733?s=96&d=mm&r=g","url":"https:\/\/secure.gravatar.com\/avatar\/831abbcc684823965c5caa39ae4561083127c8aedfe9e524c6cecc176998c733?s=96&d=mm&r=g","height":96,"width":96}},"publisher":{"@type":"Organization","name":"profer.cz","logo":{"@type":"ImageObject","@id":"\/logo.png","url":"\/logo.png","width":600,"height":60}},"image":null,"wordCount":223,"keywords":null},{"@type":"Article","@id":"https:\/\/www.profer.cz\/lakave-a-bez-starosti\/","headline":"L\u00e1kav\u00e9 a bez starost\u00ed","url":"https:\/\/www.profer.cz\/lakave-a-bez-starosti\/","datePublished":"2024-12-20","dateModified":"2024-12-20","mainEntityOfPage":"https:\/\/www.profer.cz\/lakave-a-bez-starosti\/","author":{"@type":"Person","@id":"https:\/\/www.profer.cz\/author\/devene\/#Person","name":"devene","url":"https:\/\/www.profer.cz\/author\/devene\/","identifier":1,"image":{"@type":"ImageObject","@id":"https:\/\/secure.gravatar.com\/avatar\/831abbcc684823965c5caa39ae4561083127c8aedfe9e524c6cecc176998c733?s=96&d=mm&r=g","url":"https:\/\/secure.gravatar.com\/avatar\/831abbcc684823965c5caa39ae4561083127c8aedfe9e524c6cecc176998c733?s=96&d=mm&r=g","height":96,"width":96}},"publisher":{"@type":"Organization","name":"profer.cz","logo":{"@type":"ImageObject","@id":"\/logo.png","url":"\/logo.png","width":600,"height":60}},"image":null,"wordCount":219,"keywords":null},{"@type":"Article","@id":"https:\/\/www.profer.cz\/rozmery-ktere-vsude-skvele-zapadnou\/","headline":"Rozm\u011bry, kter\u00e9 v\u0161ude skv\u011ble zapadnou","url":"https:\/\/www.profer.cz\/rozmery-ktere-vsude-skvele-zapadnou\/","datePublished":"2024-12-12","dateModified":"2024-12-12","mainEntityOfPage":"https:\/\/www.profer.cz\/rozmery-ktere-vsude-skvele-zapadnou\/","author":{"@type":"Person","@id":"https:\/\/www.profer.cz\/author\/devene\/#Person","name":"devene","url":"https:\/\/www.profer.cz\/author\/devene\/","identifier":1,"image":{"@type":"ImageObject","@id":"https:\/\/secure.gravatar.com\/avatar\/831abbcc684823965c5caa39ae4561083127c8aedfe9e524c6cecc176998c733?s=96&d=mm&r=g","url":"https:\/\/secure.gravatar.com\/avatar\/831abbcc684823965c5caa39ae4561083127c8aedfe9e524c6cecc176998c733?s=96&d=mm&r=g","height":96,"width":96}},"publisher":{"@type":"Organization","name":"profer.cz","logo":{"@type":"ImageObject","@id":"\/logo.png","url":"\/logo.png","width":600,"height":60}},"image":null,"wordCount":246,"keywords":null}]},{"@context":"https:\/\/schema.org","@type":"WebSite","@id":"https:\/\/www.profer.cz\/#website","name":"Profer","url":"https:\/\/www.profer.cz","potentialAction":{"@type":"SearchAction","target":"https:\/\/www.profer.cz\/?s={search_term_string}","query-input":"required name=search_term_string"}}]