[{"@context":"https:\/\/schema.org\/","@type":"Article","@id":"https:\/\/www.profer.cz\/mam-rada-motorky\/#Article","mainEntityOfPage":"https:\/\/www.profer.cz\/mam-rada-motorky\/","headline":"M\u00e1m r\u00e1da motorky","name":"M\u00e1m r\u00e1da motorky","description":"V\u017edycky jsem m\u011bla r\u00e1da ty v\u011bci, kter\u00e9 maj\u00ed motor. M\u011bla jsem moc r\u00e1da auta.\u00a0A je\u0161t\u011b\u00a0v\u00edce jsem m\u011bla r\u00e1da motorky anebo n\u011bjak\u00e9 sk\u00fatry. J\u00e1 jsem ji\u017e jezdila na n\u011bjak\u00e9 d\u011btsk\u00e9 motorce. Moc m\u011b to bavilo. M\u016fj tat\u00ednek mi koupil pr\u00e1v\u011b tu malou motorku. A abych to m\u011bla je\u0161t\u011b lep\u0161\u00ed, koupil mi taky kolo. Na tom jsem...","datePublished":"2021-12-24","dateModified":"2023-04-29","author":{"@type":"Person","@id":"https:\/\/www.profer.cz\/author\/devene\/#Person","name":"devene","url":"https:\/\/www.profer.cz\/author\/devene\/","identifier":1,"image":{"@type":"ImageObject","@id":"https:\/\/secure.gravatar.com\/avatar\/831abbcc684823965c5caa39ae4561083127c8aedfe9e524c6cecc176998c733?s=96&d=mm&r=g","url":"https:\/\/secure.gravatar.com\/avatar\/831abbcc684823965c5caa39ae4561083127c8aedfe9e524c6cecc176998c733?s=96&d=mm&r=g","height":96,"width":96}},"publisher":{"@type":"Organization","name":"profer.cz","logo":{"@type":"ImageObject","@id":"\/logo.png","url":"\/logo.png","width":600,"height":60}},"image":{"@type":"ImageObject","@id":"https:\/\/www.profer.cz\/wp-content\/uploads\/pexels-photo-977511_2.jpeg","url":"https:\/\/www.profer.cz\/wp-content\/uploads\/pexels-photo-977511_2.jpeg","height":0,"width":0},"url":"https:\/\/www.profer.cz\/mam-rada-motorky\/","about":["Moto"],"wordCount":436,"articleBody":"V\u017edycky jsem m\u011bla r\u00e1da ty v\u011bci, kter\u00e9 maj\u00ed motor. M\u011bla jsem moc r\u00e1da auta.\u00a0A je\u0161t\u011b\u00a0v\u00edce jsem m\u011bla r\u00e1da motorky anebo n\u011bjak\u00e9 sk\u00fatry. J\u00e1 jsem ji\u017e jezdila na n\u011bjak\u00e9 d\u011btsk\u00e9 motorce. Moc m\u011b to bavilo. M\u016fj tat\u00ednek mi koupil pr\u00e1v\u011b tu malou motorku. A abych to m\u011bla je\u0161t\u011b lep\u0161\u00ed, koupil mi taky kolo. Na tom jsem se u\u010dila velmi r\u00e1da. R\u00e1da jsem se u\u010dila sportovat a jezdit na kole anebo na t\u00e9 motorce. A jako d\u00edt\u011b jsem taky byla na z\u00e1vodech. Bavilo m\u011b to. A abych je\u0161t\u011b byla dokonal\u00e1, tak jsem si \u0159ekla, \u017ee bych mohla do n\u011bjak\u00e9ho d\u011btsk\u00e9ho krou\u017eku, kde by m\u011b to bavilo. Cht\u011bla jsem, aby taky m\u016fj bratr jezdil na motorce. Nav\u00edc bylo perfektn\u00ed, \u017ee m\u00ed rodi\u010de m\u011b v tom podporovali. Cht\u011bla jsem, aby byli rodi\u010de \u0161\u0165astn\u00fd. Nav\u00edc ale m\u011b to stra\u0161n\u011b bavilo.A tak nebylo divu, \u017ee v dosp\u011blosti jsem cht\u011bla m\u00edt motorku pro dosp\u011bl\u00e9. Cht\u011bla jsem n\u011bjakou velkou masivn\u00ed motorku. A nebylo divu, \u017ee jsem si taky na ni u\u0161et\u0159ila pen\u00edze. Ale ze v\u0161eho nejd\u016fle\u017eit\u011bj\u0161\u00ed bylo, abych si ud\u011blala \u0159idi\u010dsk\u00fd pr\u016fkaz. Mnoho lid\u00ed to mo\u017en\u00e1 ani nev\u00ed. Ale i na motorku je pot\u0159eba \u0159idi\u010dsk\u00fd pr\u016fkaz. \u0158idi\u010dsk\u00e9 opr\u00e1vn\u011bn\u00ed je velmi d\u016fle\u017eit\u00e9, proto\u017ee bez n\u011bj nem\u016f\u017eete \u0159\u00eddit motorku ani auto. A j\u00e1 jsem byla r\u00e1da, \u017ee jsem to opr\u00e1vn\u011bn\u00ed nakonec dostala. Auto\u0161kolu jsem ud\u011blala na prvn\u00ed pokus. Auto jsem m\u011bla zd\u011bd\u011bn\u00e9 po m\u00e9m bratrovi. On byl o dva roky star\u0161\u00ed. A tak mi dal svoje star\u0161\u00ed auto. Mn\u011b to sta\u010dilo takhle pro za\u010d\u00e1tek.Potom jsem si za p\u011bt let po\u0159\u00eddila u\u017e vysn\u011bnou motorku. To byl \u00fapln\u011b nejv\u011bt\u0161\u00ed m\u016fj sen. Cht\u011bla jsem, aby taky jel se mnou m\u016fj bratr na n\u011bjak\u00fd v\u00fdlet. M\u016fj bratr m\u011bl taky motorku. Ov\u0161em ne tak velikou a mohutnou jako j\u00e1. Ale i tak jsme si u\u017eili spoustu z\u00e1bavy. Mysl\u00edm, \u017ee je motorka je opravdu velk\u00fd kon\u00ed\u010dek. A kdo m\u00e1 r\u00e1d motorku, tak ur\u010dit\u011b jezd\u00ed r\u00e1d taky na motork\u00e1\u0159sk\u00e9 srazy. Byli jste n\u011bkdy u\u017e na moto srazu? Pokud ne, tak p\u0159ich\u00e1z\u00edte v\u00e1\u017en\u011b o hodn\u011b.                                                                                                                                                                                                                                                                                                                                                                                        4.7\/5 - (8 votes)        "},{"@context":"https:\/\/schema.org\/","@type":"BreadcrumbList","itemListElement":[{"@type":"ListItem","position":1,"name":"M\u00e1m r\u00e1da motorky","item":"https:\/\/www.profer.cz\/mam-rada-motorky\/#breadcrumbitem"}]}]