[{"@context":"https:\/\/schema.org\/","@type":"Article","@id":"https:\/\/www.profer.cz\/kafe-a-cigaro-v-pohodli-restaurace\/#Article","mainEntityOfPage":"https:\/\/www.profer.cz\/kafe-a-cigaro-v-pohodli-restaurace\/","headline":"Kafe a cig\u00e1ro v pohodl\u00ed restaurace","name":"Kafe a cig\u00e1ro v pohodl\u00ed restaurace","description":"Jak u\u017e mo\u017en\u00e1 v\u00edte, tak vl\u00e1da ofici\u00e1ln\u011b zak\u00e1zala kou\u0159en\u00ed ve v\u0161ech restaurac\u00edch, a\u017e na v\u00fdjimky, venku na teras\u00e1ch se m\u016f\u017eete leg\u00e1ln\u011b dop\u0159\u00e1t pive\u010dko, kafe a k\u00a0tomu cig\u00e1rku. Uk\u00e1\u017ee pouze \u010das, jestli politici ud\u011blali dob\u0159e, ano, jedna v\u011bc je zdrav\u00ed, kter\u00fd je v\u017edy na prvn\u00edm m\u00edst\u011b, ale druh\u00e1 v\u011bc jsou tr\u017eby. A v\u00a0tomto p\u0159\u00edpad\u011b mysl\u00edm, \u017ee...","datePublished":"2024-02-03","dateModified":"2024-02-03","author":{"@type":"Person","@id":"https:\/\/www.profer.cz\/author\/devene\/#Person","name":"devene","url":"https:\/\/www.profer.cz\/author\/devene\/","identifier":1,"image":{"@type":"ImageObject","@id":"https:\/\/secure.gravatar.com\/avatar\/831abbcc684823965c5caa39ae4561083127c8aedfe9e524c6cecc176998c733?s=96&d=mm&r=g","url":"https:\/\/secure.gravatar.com\/avatar\/831abbcc684823965c5caa39ae4561083127c8aedfe9e524c6cecc176998c733?s=96&d=mm&r=g","height":96,"width":96}},"publisher":{"@type":"Organization","name":"profer.cz","logo":{"@type":"ImageObject","@id":"\/logo.png","url":"\/logo.png","width":600,"height":60}},"url":"https:\/\/www.profer.cz\/kafe-a-cigaro-v-pohodli-restaurace\/","wordCount":226,"articleBody":"Jak u\u017e mo\u017en\u00e1 v\u00edte, tak vl\u00e1da ofici\u00e1ln\u011b zak\u00e1zala kou\u0159en\u00ed ve v\u0161ech restaurac\u00edch, a\u017e na v\u00fdjimky, venku na teras\u00e1ch se m\u016f\u017eete leg\u00e1ln\u011b dop\u0159\u00e1t pive\u010dko, kafe a k\u00a0tomu cig\u00e1rku. Uk\u00e1\u017ee pouze \u010das, jestli politici ud\u011blali dob\u0159e, ano, jedna v\u011bc je zdrav\u00ed, kter\u00fd je v\u017edy na prvn\u00edm m\u00edst\u011b, ale druh\u00e1 v\u011bc jsou tr\u017eby. A v\u00a0tomto p\u0159\u00edpad\u011b mysl\u00edm, \u017ee majitel\u00e9 v\u0161ech hospod a restaurac\u00ed nebudou zrovna sk\u00e1kat dva metry do vzduchu. Prvn\u00ed velkou investic\u00ed pro n\u011b byly elektronick\u00e9 evidence tr\u017eeb a druh\u00e1 velk\u00e1 a druh\u00e1 velk\u00e1 r\u00e1na a prod\u011blek je pr\u00e1v\u011b z\u00e1kaz kou\u0159en\u00ed.\tZlat\u00e9 l\u00e9to a chladn\u00e1 zimaV\u00a0l\u00e9t\u011b je to fajn, z\u00e1kazn\u00edci mohou sed\u011bt na terase, ale co v\u00a0zim\u011b? Komu se bude cht\u00edt vyl\u00e9zat z\u00a0teplou\u010dka restaurace? A p\u0159itom v\u011bt\u0161ina host\u016f chod\u00ed do hospody pr\u00e1v\u011b kv\u016fli tomu, \u017ee si v\u00a0pohodl\u00ed mohou dop\u0159\u00e1t cigaretu k\u00a0pivu. A bohu\u017eel nic jako ku\u0159\u00e1ck\u00e9 zimn\u00ed zahrady je\u0161t\u011b neexistuje. Ale t\u0159eba to chce jen \u010das, ne\u017e na to n\u011bjak\u00e1 chytr\u00e1 hlavi\u010dka p\u0159ijde a poda\u0159\u00ed se j\u00ed tak trochu obej\u00edt z\u00e1kon.                                                                                                                                                                                                                                                                                                                                                                                        4.6\/5 - (5 votes)        "},{"@context":"https:\/\/schema.org\/","@type":"BreadcrumbList","itemListElement":[{"@type":"ListItem","position":1,"name":"Kafe a cig\u00e1ro v pohodl\u00ed restaurace","item":"https:\/\/www.profer.cz\/kafe-a-cigaro-v-pohodli-restaurace\/#breadcrumbitem"}]}]