[{"@context":"https:\/\/schema.org\/","@type":"Article","@id":"https:\/\/www.profer.cz\/foceni-miminek-je-tezke-ale-krasne\/#Article","mainEntityOfPage":"https:\/\/www.profer.cz\/foceni-miminek-je-tezke-ale-krasne\/","headline":"Focen\u00ed miminek je t\u011b\u017ek\u00e9, ale kr\u00e1sn\u00e9","name":"Focen\u00ed miminek je t\u011b\u017ek\u00e9, ale kr\u00e1sn\u00e9","description":"T\u00e9m\u011b\u0159 v ka\u017ed\u00e9m rodinn\u00e9m albu jsou fotografie mal\u00fdch d\u011bt\u00ed. Na\u0161e babi\u010dky v\u011bt\u0161inou nechaly sv\u00e9 ratolesti zv\u011b\u010dnit a\u017e v dob\u011b, kdy u\u017e se stav\u011bly na nohy. A ur\u010dit\u011b zn\u00e1te ty k\u0159e\u010dovit\u00e9 v\u00fdrazy t\u011bch mal\u00fdch chud\u00e1k\u016f, jen\u017e byli nuceni zaujmout pozici vyhovuj\u00edc\u00ed panu fotografovi. A jestli\u017ee se ten mal\u00fd neposeda za\u010dal vrt\u011bt a poposed\u00e1vat, do\u0161lo mnohdy i...","datePublished":"2018-03-10","dateModified":"2024-01-08","author":{"@type":"Person","@id":"https:\/\/www.profer.cz\/author\/devene\/#Person","name":"devene","url":"https:\/\/www.profer.cz\/author\/devene\/","identifier":1,"image":{"@type":"ImageObject","@id":"https:\/\/secure.gravatar.com\/avatar\/831abbcc684823965c5caa39ae4561083127c8aedfe9e524c6cecc176998c733?s=96&d=mm&r=g","url":"https:\/\/secure.gravatar.com\/avatar\/831abbcc684823965c5caa39ae4561083127c8aedfe9e524c6cecc176998c733?s=96&d=mm&r=g","height":96,"width":96}},"publisher":{"@type":"Organization","name":"profer.cz","logo":{"@type":"ImageObject","@id":"\/logo.png","url":"\/logo.png","width":600,"height":60}},"image":{"@type":"ImageObject","@id":"https:\/\/www.profer.cz\/wp-content\/uploads\/img_a314989_w1758_t1525943342.jpg","url":"https:\/\/www.profer.cz\/wp-content\/uploads\/img_a314989_w1758_t1525943342.jpg","height":0,"width":0},"url":"https:\/\/www.profer.cz\/foceni-miminek-je-tezke-ale-krasne\/","about":["V\u00fdrobky"],"wordCount":387,"articleBody":"          T\u00e9m\u011b\u0159 v ka\u017ed\u00e9m rodinn\u00e9m albu jsou fotografie mal\u00fdch d\u011bt\u00ed. Na\u0161e babi\u010dky v\u011bt\u0161inou nechaly sv\u00e9 ratolesti zv\u011b\u010dnit a\u017e v dob\u011b, kdy u\u017e se stav\u011bly na nohy. A ur\u010dit\u011b zn\u00e1te ty k\u0159e\u010dovit\u00e9 v\u00fdrazy t\u011bch mal\u00fdch chud\u00e1k\u016f, jen\u017e byli nuceni zaujmout pozici vyhovuj\u00edc\u00ed panu fotografovi. A jestli\u017ee se ten mal\u00fd neposeda za\u010dal vrt\u011bt a poposed\u00e1vat, do\u0161lo mnohdy i na v\u00fdchovn\u00fd pohlavek. Pak teprve se fotografie povedla! Doba se v t\u00e9to z\u00e1le\u017eitosti na\u0161t\u011bst\u00ed posunula o hodn\u00fd kus kup\u0159edu. Dnes u\u017e se nefot\u00ed a\u017e odrostl\u00e9 d\u011bti, ale docela mal\u00e1 miminka. o Pokud zav\u00edt\u00e1te do n\u011bkter\u00e9ho ateli\u00e9ru zku\u0161en\u00e9ho fotografa , pak ne\u010dekejte atmosf\u00e9ru napln\u011bnou nervozitou a netrp\u011blivost\u00ed. o Ka\u017ed\u00fd profesion\u00e1l, kter\u00fd se zab\u00fdv\u00e1 fotografov\u00e1n\u00edm docela mal\u00fdch miminek, v\u00ed, \u017ee trp\u011blivost pat\u0159\u00ed k jeho pr\u00e1ci stejn\u011b jako p\u0159\u00edstroj, se kter\u00fdm bude pracovat. Ten mal\u00fd uzl\u00ed\u010dek, kter\u00e9mu je teprve n\u011bkolik m\u00e1lo dn\u016f, pot\u0159ebuje c\u00edtit naprostou pohodu a \u017e\u00e1dn\u00fd stres. Ne ka\u017ed\u00e9 miminko je pohodov\u00fd sp\u00e1\u010d, kter\u00fd bude v poklidu pochrupovat v rodi\u010dovsk\u00e9 n\u00e1ru\u010di. \u017d\u00e1dn\u00fd sp\u011bch, ale naprost\u00e1 pohoda Fotograf, kter\u00fd se zab\u00fdv\u00e1 zachycov\u00e1n\u00edm prvn\u00edch okam\u017eik\u016f od narozen\u00ed nov\u00e9ho \u017eivota, v\u00ed, jak v\u0161echny situace bravurn\u011b zvl\u00e1dnout. Pak se den, kdy se rozhodnete pro zv\u011b\u010dn\u011bn\u00ed neopakovateln\u00fdch chvil, stane p\u0159\u00edjemn\u011b pro\u017eit\u00fdm dnem. P\u0159\u00e1n\u00ed rodi\u010d\u016f budou respektov\u00e1na. o V\u017edy z\u00e1le\u017e\u00ed na vz\u00e1jemn\u00e9 domluv\u011b a dohod\u011b, aby v\u0161e dopadlo k oboustrann\u00e9 spokojenosti. o Jde p\u0159eci o okam\u017eiky, kter\u00e9 u\u017e se nikdy nevr\u00e1t\u00ed, a byla by tedy velik\u00e1 \u0161koda, pokud by se n\u011bco nepovedlo tak, jak m\u00e1. Nen\u00ed to tedy \u201efocen\u00ed na b\u011b\u017e\u00edc\u00edm p\u00e1su\u201c, kdy u\u017e netrp\u011bliv\u011b podup\u00e1v\u00e1 za dve\u0159mi dal\u0161\u00ed z\u00e1kazn\u00edk. \u010cas nehraje \u017e\u00e1dnou roli, jde pouze o v\u00fdsledek. A ten bude jist\u011b dokonal\u00fd. Z fotografi\u00ed bude vyza\u0159ovat pohoda a radost z toho mal\u00e9ho z\u00e1zraku, kter\u00fdm je p\u0159\u00edchod nov\u00e9ho \u010dlov\u011bka na sv\u011bt.                                                                                                                                                                                                                                                                                                                                                                                          4.1\/5 - (13 votes)        "},{"@context":"https:\/\/schema.org\/","@type":"BreadcrumbList","itemListElement":[{"@type":"ListItem","position":1,"name":"Focen\u00ed miminek je t\u011b\u017ek\u00e9, ale kr\u00e1sn\u00e9","item":"https:\/\/www.profer.cz\/foceni-miminek-je-tezke-ale-krasne\/#breadcrumbitem"}]}]