{"@context":"https:\/\/schema.org\/","@type":"CollectionPage","@id":"https:\/\/www.profer.cz\/dovolena\/#CollectionPage","headline":"Dovolen\u00e1 Category","description":"","url":"https:\/\/www.profer.cz\/dovolena\/","hasPart":[{"@type":"Article","@id":"https:\/\/www.profer.cz\/dovolena-muze-byt-pojata-i-sportem-a-vylety\/","headline":"Dovolen\u00e1 m\u016f\u017ee b\u00fdt pojata i sportem a v\u00fdlety","url":"https:\/\/www.profer.cz\/dovolena-muze-byt-pojata-i-sportem-a-vylety\/","datePublished":"2022-07-23","dateModified":"2023-04-29","mainEntityOfPage":"https:\/\/www.profer.cz\/dovolena-muze-byt-pojata-i-sportem-a-vylety\/","author":{"@type":"Person","@id":"https:\/\/www.profer.cz\/author\/devene\/#Person","name":"devene","url":"https:\/\/www.profer.cz\/author\/devene\/","identifier":1,"image":{"@type":"ImageObject","@id":"https:\/\/secure.gravatar.com\/avatar\/831abbcc684823965c5caa39ae4561083127c8aedfe9e524c6cecc176998c733?s=96&d=mm&r=g","url":"https:\/\/secure.gravatar.com\/avatar\/831abbcc684823965c5caa39ae4561083127c8aedfe9e524c6cecc176998c733?s=96&d=mm&r=g","height":96,"width":96}},"publisher":{"@type":"Organization","name":"profer.cz","logo":{"@type":"ImageObject","@id":"\/logo.png","url":"\/logo.png","width":600,"height":60}},"image":{"@type":"ImageObject","@id":"https:\/\/www.profer.cz\/wp-content\/uploads\/v%C4%9Bci%20u%20mo%C5%99e.png","url":"https:\/\/www.profer.cz\/wp-content\/uploads\/v%C4%9Bci%20u%20mo%C5%99e.png","height":0,"width":0},"keywords":null},{"@type":"Article","@id":"https:\/\/www.profer.cz\/dovolena-v-obytnem-voze\/","headline":"Dovolen\u00e1 v obytn\u00e9m voze","url":"https:\/\/www.profer.cz\/dovolena-v-obytnem-voze\/","datePublished":"2021-09-08","dateModified":"2023-04-29","mainEntityOfPage":"https:\/\/www.profer.cz\/dovolena-v-obytnem-voze\/","author":{"@type":"Person","@id":"https:\/\/www.profer.cz\/author\/devene\/#Person","name":"devene","url":"https:\/\/www.profer.cz\/author\/devene\/","identifier":1,"image":{"@type":"ImageObject","@id":"https:\/\/secure.gravatar.com\/avatar\/831abbcc684823965c5caa39ae4561083127c8aedfe9e524c6cecc176998c733?s=96&d=mm&r=g","url":"https:\/\/secure.gravatar.com\/avatar\/831abbcc684823965c5caa39ae4561083127c8aedfe9e524c6cecc176998c733?s=96&d=mm&r=g","height":96,"width":96}},"publisher":{"@type":"Organization","name":"profer.cz","logo":{"@type":"ImageObject","@id":"\/logo.png","url":"\/logo.png","width":600,"height":60}},"image":{"@type":"ImageObject","@id":"https:\/\/www.profer.cz\/wp-content\/uploads\/camping-5099382_1920.jpg","url":"https:\/\/www.profer.cz\/wp-content\/uploads\/camping-5099382_1920.jpg","height":0,"width":0},"keywords":null},{"@type":"Article","@id":"https:\/\/www.profer.cz\/poznejte-kus-jizni-moravy-ze-sedla-kola\/","headline":"Poznejte kus ji\u017en\u00ed Moravy ze sedla kola","url":"https:\/\/www.profer.cz\/poznejte-kus-jizni-moravy-ze-sedla-kola\/","datePublished":"2019-10-20","dateModified":"2024-05-28","mainEntityOfPage":"https:\/\/www.profer.cz\/poznejte-kus-jizni-moravy-ze-sedla-kola\/","author":{"@type":"Person","@id":"https:\/\/www.profer.cz\/author\/devene\/#Person","name":"devene","url":"https:\/\/www.profer.cz\/author\/devene\/","identifier":1,"image":{"@type":"ImageObject","@id":"https:\/\/secure.gravatar.com\/avatar\/831abbcc684823965c5caa39ae4561083127c8aedfe9e524c6cecc176998c733?s=96&d=mm&r=g","url":"https:\/\/secure.gravatar.com\/avatar\/831abbcc684823965c5caa39ae4561083127c8aedfe9e524c6cecc176998c733?s=96&d=mm&r=g","height":96,"width":96}},"publisher":{"@type":"Organization","name":"profer.cz","logo":{"@type":"ImageObject","@id":"\/logo.png","url":"\/logo.png","width":600,"height":60}},"image":{"@type":"ImageObject","@id":"https:\/\/www.profer.cz\/wp-content\/uploads\/img_a365201_w1921_t1578217291.jpg","url":"https:\/\/www.profer.cz\/wp-content\/uploads\/img_a365201_w1921_t1578217291.jpg","height":0,"width":0},"keywords":null}]}