[{"@context":"https:\/\/schema.org\/","@type":"Blog","@id":"https:\/\/www.profer.cz#Blog","headline":"Profer","description":"\nNen\u00ed m\u011bna jako m\u011bna. Zat\u00edmco u jedn\u00e9 si m\u016f\u017ee b\u00fdt \u010dlov\u011bk jej\u00ed hodnotou jist, jin\u00e9 vzbuzuj\u00ed pochybnosti nebo jsou dokonce ignorovan\u00e9 jako\u017eto bezcenn\u00e9.","url":"https:\/\/www.profer.cz","hasPart":[{"@type":"Article","@id":"https:\/\/www.profer.cz\/krasny-a-prakticky-bazen\/","headline":"Kr\u00e1sn\u00fd a praktick\u00fd baz\u00e9n","url":"https:\/\/www.profer.cz\/krasny-a-prakticky-bazen\/","datePublished":"2026-01-06","dateModified":"2026-01-06","mainEntityOfPage":"https:\/\/www.profer.cz\/krasny-a-prakticky-bazen\/","author":{"@type":"Person","@id":"https:\/\/www.profer.cz\/author\/devene\/#Person","name":"devene","url":"https:\/\/www.profer.cz\/author\/devene\/","identifier":1,"image":{"@type":"ImageObject","@id":"https:\/\/secure.gravatar.com\/avatar\/831abbcc684823965c5caa39ae4561083127c8aedfe9e524c6cecc176998c733?s=96&d=mm&r=g","url":"https:\/\/secure.gravatar.com\/avatar\/831abbcc684823965c5caa39ae4561083127c8aedfe9e524c6cecc176998c733?s=96&d=mm&r=g","height":96,"width":96}},"publisher":{"@type":"Organization","name":"profer.cz","logo":{"@type":"ImageObject","@id":"\/logo.png","url":"\/logo.png","width":600,"height":60}},"image":{"@type":"ImageObject","@id":"https:\/\/www.profer.cz\/wp-content\/uploads\/swimming-pool-4907149_640.jpg","url":"https:\/\/www.profer.cz\/wp-content\/uploads\/swimming-pool-4907149_640.jpg","height":0,"width":0},"wordCount":613,"keywords":null},{"@type":"Article","@id":"https:\/\/www.profer.cz\/elektrikarske-prace-v-kancelarich\/","headline":"Elektrik\u00e1\u0159sk\u00e9 pr\u00e1ce v kancel\u00e1\u0159\u00edch","url":"https:\/\/www.profer.cz\/elektrikarske-prace-v-kancelarich\/","datePublished":"2026-01-04","dateModified":"2026-01-04","mainEntityOfPage":"https:\/\/www.profer.cz\/elektrikarske-prace-v-kancelarich\/","author":{"@type":"Person","@id":"https:\/\/www.profer.cz\/author\/devene\/#Person","name":"devene","url":"https:\/\/www.profer.cz\/author\/devene\/","identifier":1,"image":{"@type":"ImageObject","@id":"https:\/\/secure.gravatar.com\/avatar\/831abbcc684823965c5caa39ae4561083127c8aedfe9e524c6cecc176998c733?s=96&d=mm&r=g","url":"https:\/\/secure.gravatar.com\/avatar\/831abbcc684823965c5caa39ae4561083127c8aedfe9e524c6cecc176998c733?s=96&d=mm&r=g","height":96,"width":96}},"publisher":{"@type":"Organization","name":"profer.cz","logo":{"@type":"ImageObject","@id":"\/logo.png","url":"\/logo.png","width":600,"height":60}},"image":{"@type":"ImageObject","@id":"https:\/\/www.profer.cz\/wp-content\/uploads\/electrician-2755683_640_10_10_10_3.jpg","url":"https:\/\/www.profer.cz\/wp-content\/uploads\/electrician-2755683_640_10_10_10_3.jpg","height":0,"width":0},"wordCount":588,"keywords":null},{"@type":"Article","@id":"https:\/\/www.profer.cz\/mate-dokonale-skrine\/","headline":"M\u00e1te dokonal\u00e9 sk\u0159\u00edn\u011b?","url":"https:\/\/www.profer.cz\/mate-dokonale-skrine\/","datePublished":"2025-12-10","dateModified":"2025-12-10","mainEntityOfPage":"https:\/\/www.profer.cz\/mate-dokonale-skrine\/","author":{"@type":"Person","@id":"https:\/\/www.profer.cz\/author\/devene\/#Person","name":"devene","url":"https:\/\/www.profer.cz\/author\/devene\/","identifier":1,"image":{"@type":"ImageObject","@id":"https:\/\/secure.gravatar.com\/avatar\/831abbcc684823965c5caa39ae4561083127c8aedfe9e524c6cecc176998c733?s=96&d=mm&r=g","url":"https:\/\/secure.gravatar.com\/avatar\/831abbcc684823965c5caa39ae4561083127c8aedfe9e524c6cecc176998c733?s=96&d=mm&r=g","height":96,"width":96}},"publisher":{"@type":"Organization","name":"profer.cz","logo":{"@type":"ImageObject","@id":"\/logo.png","url":"\/logo.png","width":600,"height":60}},"image":{"@type":"ImageObject","@id":"https:\/\/www.profer.cz\/wp-content\/uploads\/skk_2.jpg","url":"https:\/\/www.profer.cz\/wp-content\/uploads\/skk_2.jpg","height":0,"width":0},"wordCount":637,"keywords":null},{"@type":"Article","@id":"https:\/\/www.profer.cz\/fotograficke-kolaze-na-posuvnych-dverich-skrini-na-miru\/","headline":"Fotografick\u00e9 kol\u00e1\u017ee na posuvn\u00fdch dve\u0159\u00edch sk\u0159\u00edn\u00ed na m\u00edru","url":"https:\/\/www.profer.cz\/fotograficke-kolaze-na-posuvnych-dverich-skrini-na-miru\/","datePublished":"2025-11-11","dateModified":"2025-11-11","mainEntityOfPage":"https:\/\/www.profer.cz\/fotograficke-kolaze-na-posuvnych-dverich-skrini-na-miru\/","author":{"@type":"Person","@id":"https:\/\/www.profer.cz\/author\/devene\/#Person","name":"devene","url":"https:\/\/www.profer.cz\/author\/devene\/","identifier":1,"image":{"@type":"ImageObject","@id":"https:\/\/secure.gravatar.com\/avatar\/831abbcc684823965c5caa39ae4561083127c8aedfe9e524c6cecc176998c733?s=96&d=mm&r=g","url":"https:\/\/secure.gravatar.com\/avatar\/831abbcc684823965c5caa39ae4561083127c8aedfe9e524c6cecc176998c733?s=96&d=mm&r=g","height":96,"width":96}},"publisher":{"@type":"Organization","name":"profer.cz","logo":{"@type":"ImageObject","@id":"\/logo.png","url":"\/logo.png","width":600,"height":60}},"image":{"@type":"ImageObject","@id":"https:\/\/www.profer.cz\/wp-content\/uploads\/dressing-room-1137941_640_10_10_10_10_10_10_4.jpg","url":"https:\/\/www.profer.cz\/wp-content\/uploads\/dressing-room-1137941_640_10_10_10_10_10_10_4.jpg","height":0,"width":0},"wordCount":586,"keywords":null},{"@type":"Article","@id":"https:\/\/www.profer.cz\/rekonstrukce-elektroinstalace-v-byte-v-puvodnim-stavu\/","headline":"Rekonstrukce elektroinstalace v byt\u011b v p\u016fvodn\u00edm stavu","url":"https:\/\/www.profer.cz\/rekonstrukce-elektroinstalace-v-byte-v-puvodnim-stavu\/","datePublished":"2025-11-11","dateModified":"2025-11-11","mainEntityOfPage":"https:\/\/www.profer.cz\/rekonstrukce-elektroinstalace-v-byte-v-puvodnim-stavu\/","author":{"@type":"Person","@id":"https:\/\/www.profer.cz\/author\/devene\/#Person","name":"devene","url":"https:\/\/www.profer.cz\/author\/devene\/","identifier":1,"image":{"@type":"ImageObject","@id":"https:\/\/secure.gravatar.com\/avatar\/831abbcc684823965c5caa39ae4561083127c8aedfe9e524c6cecc176998c733?s=96&d=mm&r=g","url":"https:\/\/secure.gravatar.com\/avatar\/831abbcc684823965c5caa39ae4561083127c8aedfe9e524c6cecc176998c733?s=96&d=mm&r=g","height":96,"width":96}},"publisher":{"@type":"Organization","name":"profer.cz","logo":{"@type":"ImageObject","@id":"\/logo.png","url":"\/logo.png","width":600,"height":60}},"image":{"@type":"ImageObject","@id":"https:\/\/www.profer.cz\/wp-content\/uploads\/electrician-2350900_640.jpg","url":"https:\/\/www.profer.cz\/wp-content\/uploads\/electrician-2350900_640.jpg","height":0,"width":0},"wordCount":478,"keywords":null},{"@type":"Article","@id":"https:\/\/www.profer.cz\/zatocte-s-bolesti-zad\/","headline":"Zato\u010dte s bolest\u00ed zad","url":"https:\/\/www.profer.cz\/zatocte-s-bolesti-zad\/","datePublished":"2025-10-06","dateModified":"2025-10-06","mainEntityOfPage":"https:\/\/www.profer.cz\/zatocte-s-bolesti-zad\/","author":{"@type":"Person","@id":"https:\/\/www.profer.cz\/author\/devene\/#Person","name":"devene","url":"https:\/\/www.profer.cz\/author\/devene\/","identifier":1,"image":{"@type":"ImageObject","@id":"https:\/\/secure.gravatar.com\/avatar\/831abbcc684823965c5caa39ae4561083127c8aedfe9e524c6cecc176998c733?s=96&d=mm&r=g","url":"https:\/\/secure.gravatar.com\/avatar\/831abbcc684823965c5caa39ae4561083127c8aedfe9e524c6cecc176998c733?s=96&d=mm&r=g","height":96,"width":96}},"publisher":{"@type":"Organization","name":"profer.cz","logo":{"@type":"ImageObject","@id":"\/logo.png","url":"\/logo.png","width":600,"height":60}},"image":{"@type":"ImageObject","@id":"https:\/\/www.profer.cz\/wp-content\/uploads\/pexels-karola-g-4506105.jpg","url":"https:\/\/www.profer.cz\/wp-content\/uploads\/pexels-karola-g-4506105.jpg","height":0,"width":0},"wordCount":548,"keywords":null},{"@type":"Article","@id":"https:\/\/www.profer.cz\/solarni-sprcha-ohriva-vodu-zcela-zdarma-nejen-u-bazenu\/","headline":"Sol\u00e1rn\u00ed sprcha oh\u0159\u00edv\u00e1 vodu zcela zdarma nejen u baz\u00e9nu","url":"https:\/\/www.profer.cz\/solarni-sprcha-ohriva-vodu-zcela-zdarma-nejen-u-bazenu\/","datePublished":"2025-09-03","dateModified":"2025-09-03","mainEntityOfPage":"https:\/\/www.profer.cz\/solarni-sprcha-ohriva-vodu-zcela-zdarma-nejen-u-bazenu\/","author":{"@type":"Person","@id":"https:\/\/www.profer.cz\/author\/devene\/#Person","name":"devene","url":"https:\/\/www.profer.cz\/author\/devene\/","identifier":1,"image":{"@type":"ImageObject","@id":"https:\/\/secure.gravatar.com\/avatar\/831abbcc684823965c5caa39ae4561083127c8aedfe9e524c6cecc176998c733?s=96&d=mm&r=g","url":"https:\/\/secure.gravatar.com\/avatar\/831abbcc684823965c5caa39ae4561083127c8aedfe9e524c6cecc176998c733?s=96&d=mm&r=g","height":96,"width":96}},"publisher":{"@type":"Organization","name":"profer.cz","logo":{"@type":"ImageObject","@id":"\/logo.png","url":"\/logo.png","width":600,"height":60}},"image":{"@type":"ImageObject","@id":"https:\/\/www.profer.cz\/wp-content\/uploads\/shower-1027904_640_3.jpg","url":"https:\/\/www.profer.cz\/wp-content\/uploads\/shower-1027904_640_3.jpg","height":0,"width":0},"wordCount":693,"keywords":null},{"@type":"Article","@id":"https:\/\/www.profer.cz\/papirove-tasky-nejen-pro-obchody-s-potravinami\/","headline":"Pap\u00edrov\u00e9 ta\u0161ky (nejen) pro obchody s potravinami","url":"https:\/\/www.profer.cz\/papirove-tasky-nejen-pro-obchody-s-potravinami\/","datePublished":"2025-09-01","dateModified":"2025-09-01","mainEntityOfPage":"https:\/\/www.profer.cz\/papirove-tasky-nejen-pro-obchody-s-potravinami\/","author":{"@type":"Person","@id":"https:\/\/www.profer.cz\/author\/devene\/#Person","name":"devene","url":"https:\/\/www.profer.cz\/author\/devene\/","identifier":1,"image":{"@type":"ImageObject","@id":"https:\/\/secure.gravatar.com\/avatar\/831abbcc684823965c5caa39ae4561083127c8aedfe9e524c6cecc176998c733?s=96&d=mm&r=g","url":"https:\/\/secure.gravatar.com\/avatar\/831abbcc684823965c5caa39ae4561083127c8aedfe9e524c6cecc176998c733?s=96&d=mm&r=g","height":96,"width":96}},"publisher":{"@type":"Organization","name":"profer.cz","logo":{"@type":"ImageObject","@id":"\/logo.png","url":"\/logo.png","width":600,"height":60}},"image":{"@type":"ImageObject","@id":"https:\/\/www.profer.cz\/wp-content\/uploads\/bags-4543999_640_10_3.jpg","url":"https:\/\/www.profer.cz\/wp-content\/uploads\/bags-4543999_640_10_3.jpg","height":0,"width":0},"wordCount":540,"keywords":null},{"@type":"Article","@id":"https:\/\/www.profer.cz\/nekdo-ma-rad-kratom\/","headline":"N\u011bkdo m\u00e1 r\u00e1d kratom","url":"https:\/\/www.profer.cz\/nekdo-ma-rad-kratom\/","datePublished":"2025-08-11","dateModified":"2025-08-11","mainEntityOfPage":"https:\/\/www.profer.cz\/nekdo-ma-rad-kratom\/","author":{"@type":"Person","@id":"https:\/\/www.profer.cz\/author\/devene\/#Person","name":"devene","url":"https:\/\/www.profer.cz\/author\/devene\/","identifier":1,"image":{"@type":"ImageObject","@id":"https:\/\/secure.gravatar.com\/avatar\/831abbcc684823965c5caa39ae4561083127c8aedfe9e524c6cecc176998c733?s=96&d=mm&r=g","url":"https:\/\/secure.gravatar.com\/avatar\/831abbcc684823965c5caa39ae4561083127c8aedfe9e524c6cecc176998c733?s=96&d=mm&r=g","height":96,"width":96}},"publisher":{"@type":"Organization","name":"profer.cz","logo":{"@type":"ImageObject","@id":"\/logo.png","url":"\/logo.png","width":600,"height":60}},"image":{"@type":"ImageObject","@id":"https:\/\/www.profer.cz\/wp-content\/uploads\/KKKKKKKKKKKKKKKKKKKKKKKK.jpg","url":"https:\/\/www.profer.cz\/wp-content\/uploads\/KKKKKKKKKKKKKKKKKKKKKKKK.jpg","height":0,"width":0},"wordCount":618,"keywords":null},{"@type":"Article","@id":"https:\/\/www.profer.cz\/akontace-leasingu-a-jak-ji-vyuzit-ve-svuj-prospech\/","headline":"Akontace leasingu a jak ji vyu\u017e\u00edt ve sv\u016fj prosp\u011bch","url":"https:\/\/www.profer.cz\/akontace-leasingu-a-jak-ji-vyuzit-ve-svuj-prospech\/","datePublished":"2025-07-21","dateModified":"2025-07-21","mainEntityOfPage":"https:\/\/www.profer.cz\/akontace-leasingu-a-jak-ji-vyuzit-ve-svuj-prospech\/","author":{"@type":"Person","@id":"https:\/\/www.profer.cz\/author\/devene\/#Person","name":"devene","url":"https:\/\/www.profer.cz\/author\/devene\/","identifier":1,"image":{"@type":"ImageObject","@id":"https:\/\/secure.gravatar.com\/avatar\/831abbcc684823965c5caa39ae4561083127c8aedfe9e524c6cecc176998c733?s=96&d=mm&r=g","url":"https:\/\/secure.gravatar.com\/avatar\/831abbcc684823965c5caa39ae4561083127c8aedfe9e524c6cecc176998c733?s=96&d=mm&r=g","height":96,"width":96}},"publisher":{"@type":"Organization","name":"profer.cz","logo":{"@type":"ImageObject","@id":"\/logo.png","url":"\/logo.png","width":600,"height":60}},"image":{"@type":"ImageObject","@id":"https:\/\/www.profer.cz\/wp-content\/uploads\/auto%20leasing_2.jpg","url":"https:\/\/www.profer.cz\/wp-content\/uploads\/auto%20leasing_2.jpg","height":0,"width":0},"wordCount":725,"keywords":null}]},{"@context":"https:\/\/schema.org","@type":"WebSite","@id":"https:\/\/www.profer.cz\/#website","name":"Profer","url":"https:\/\/www.profer.cz","potentialAction":{"@type":"SearchAction","target":"https:\/\/www.profer.cz\/?s={search_term_string}","query-input":"required name=search_term_string"}}]